{"id":164,"date":"2023-09-21T18:01:56","date_gmt":"2023-09-21T21:01:56","guid":{"rendered":"https:\/\/rentamac.com.br\/?p=164"},"modified":"2023-09-21T18:01:56","modified_gmt":"2023-09-21T21:01:56","slug":"construcao-civil-sustentavel-o-papel-da-locacao-de-maquinas","status":"publish","type":"post","link":"https:\/\/rentamac.com.br\/index.php\/2023\/09\/21\/construcao-civil-sustentavel-o-papel-da-locacao-de-maquinas\/","title":{"rendered":"Constru\u00e7\u00e3o Civil Sustent\u00e1vel: O Papel da Loca\u00e7\u00e3o de M\u00e1quinas"},"content":{"rendered":"\n<p>A constru\u00e7\u00e3o civil \u00e9 uma das ind\u00fastrias que mais impactam o meio ambiente, devido ao consumo intensivo de recursos naturais e \u00e0 gera\u00e7\u00e3o de res\u00edduos. No entanto, nos \u00faltimos anos, tem havido um movimento crescente em dire\u00e7\u00e3o \u00e0 constru\u00e7\u00e3o civil sustent\u00e1vel, que visa reduzir esse impacto negativo. Uma das estrat\u00e9gias-chave nesse cen\u00e1rio \u00e9 a loca\u00e7\u00e3o de m\u00e1quinas e equipamentos de constru\u00e7\u00e3o. Neste artigo, exploraremos o papel fundamental que a loca\u00e7\u00e3o desempenha na constru\u00e7\u00e3o civil sustent\u00e1vel.<\/p>\n\n\n\n<p><strong>Redu\u00e7\u00e3o do Consumo de Recursos Naturais:<\/strong> A constru\u00e7\u00e3o civil \u00e9 conhecida por consumir grandes quantidades de recursos naturais, como madeira, \u00e1gua e minerais. Ao optar pela loca\u00e7\u00e3o de m\u00e1quinas, as empresas podem reduzir a demanda por novos equipamentos, economizando recursos preciosos. Equipamentos alugados s\u00e3o reutilizados em diferentes projetos, estendendo sua vida \u00fatil e reduzindo a necessidade de fabrica\u00e7\u00e3o de novos equipamentos.<\/p>\n\n\n\n<p><strong>Minimiza\u00e7\u00e3o de Res\u00edduos:<\/strong> A loca\u00e7\u00e3o de m\u00e1quinas tamb\u00e9m contribui para a minimiza\u00e7\u00e3o de res\u00edduos de constru\u00e7\u00e3o. Equipamentos alugados s\u00e3o geralmente mantidos e inspecionados regularmente, reduzindo a probabilidade de falhas e descarte prematuro. Al\u00e9m disso, as empresas de loca\u00e7\u00e3o frequentemente lidam com a destina\u00e7\u00e3o adequada de equipamentos no final de sua vida \u00fatil, garantindo que pe\u00e7as sejam recicladas ou reutilizadas sempre que poss\u00edvel.<\/p>\n\n\n\n<p><strong>Efici\u00eancia Energ\u00e9tica:<\/strong> Muitos equipamentos de constru\u00e7\u00e3o modernos s\u00e3o projetados com foco na efici\u00eancia energ\u00e9tica. Ao optar pela loca\u00e7\u00e3o de m\u00e1quinas, as empresas podem acessar equipamentos mais recentes e eficientes em termos de consumo de combust\u00edvel e energia. Isso n\u00e3o apenas reduz os custos operacionais, mas tamb\u00e9m a pegada de carbono da constru\u00e7\u00e3o.<\/p>\n\n\n\n<p><strong>Flexibilidade e Menor Desperd\u00edcio:<\/strong> Projetos de constru\u00e7\u00e3o frequentemente t\u00eam requisitos vari\u00e1veis ao longo do tempo. A loca\u00e7\u00e3o de equipamentos oferece flexibilidade, permitindo que as empresas escolham os equipamentos certos para cada fase do projeto. Isso evita a compra de equipamentos especializados que podem ficar ociosos na maior parte do tempo, reduzindo o desperd\u00edcio de recursos.<\/p>\n\n\n\n<p><strong>Conclus\u00e3o<\/strong><\/p>\n\n\n\n<p>A constru\u00e7\u00e3o civil sustent\u00e1vel \u00e9 essencial para o futuro do planeta, e a loca\u00e7\u00e3o de m\u00e1quinas desempenha um papel vital nessa jornada. Ao reduzir o consumo de recursos naturais, minimizar res\u00edduos, promover a efici\u00eancia energ\u00e9tica e oferecer flexibilidade, a loca\u00e7\u00e3o de equipamentos contribui para pr\u00e1ticas mais sustent\u00e1veis na ind\u00fastria da constru\u00e7\u00e3o. Portanto, empresas em Penha, Itaja\u00ed, Navegantes e em todo o Brasil podem adotar a loca\u00e7\u00e3o como parte de sua estrat\u00e9gia para um futuro mais verde.<\/p>\n\n\n\n<p><strong>Palavras-Chave<\/strong><\/p>\n\n\n\n<ul class=\"wp-block-list\">\n<li>Constru\u00e7\u00e3o civil sustent\u00e1vel<\/li>\n\n\n\n<li>Loca\u00e7\u00e3o de m\u00e1quinas na constru\u00e7\u00e3o<\/li>\n\n\n\n<li>Sustentabilidade na constru\u00e7\u00e3o civil<\/li>\n\n\n\n<li>Redu\u00e7\u00e3o de res\u00edduos de constru\u00e7\u00e3o<\/li>\n\n\n\n<li>Efici\u00eancia energ\u00e9tica em equipamentos de constru\u00e7\u00e3o<\/li>\n\n\n\n<li>Pr\u00e1ticas sustent\u00e1veis na constru\u00e7\u00e3o<\/li>\n\n\n\n<li>Loca\u00e7\u00e3o de equipamentos para constru\u00e7\u00e3o sustent\u00e1vel<\/li>\n\n\n\n<li>Constru\u00e7\u00e3o verde<\/li>\n\n\n\n<li>Conserva\u00e7\u00e3o de recursos naturais<\/li>\n\n\n\n<li>Pegada de carbono da constru\u00e7\u00e3o civil<\/li>\n\n\n\n<li>Equipamentos de constru\u00e7\u00e3o eficientes em termos de energia.<\/li>\n<\/ul>\n","protected":false},"excerpt":{"rendered":"<p>A constru\u00e7\u00e3o civil \u00e9 uma das ind\u00fastrias que mais impactam o meio ambiente, devido ao consumo intensivo de recursos naturais e \u00e0 gera\u00e7\u00e3o de res\u00edduos. No entanto, nos \u00faltimos anos, tem havido um movimento crescente em dire\u00e7\u00e3o \u00e0 constru\u00e7\u00e3o civil sustent\u00e1vel, que visa reduzir esse impacto negativo. Uma das estrat\u00e9gias-chave nesse cen\u00e1rio \u00e9 a loca\u00e7\u00e3o [&hellip;]<\/p>\n","protected":false},"author":1,"featured_media":0,"comment_status":"open","ping_status":"open","sticky":false,"template":"","format":"standard","meta":{"_joinchat":[],"footnotes":""},"categories":[1],"tags":[],"class_list":["post-164","post","type-post","status-publish","format-standard","hentry","category-blog"],"yoast_head":"<!-- This site is optimized with the Yoast SEO plugin v27.1.1 - https:\/\/yoast.com\/product\/yoast-seo-wordpress\/ -->\n<title>Constru\u00e7\u00e3o Civil Sustent\u00e1vel: O Papel da Loca\u00e7\u00e3o de M\u00e1quinas - Rentamac<\/title>\n<meta name=\"robots\" content=\"index, follow, max-snippet:-1, max-image-preview:large, max-video-preview:-1\" \/>\n<link rel=\"canonical\" href=\"https:\/\/rentamac.com.br\/index.php\/2023\/09\/21\/construcao-civil-sustentavel-o-papel-da-locacao-de-maquinas\/\" \/>\n<meta property=\"og:locale\" content=\"pt_BR\" \/>\n<meta property=\"og:type\" content=\"article\" \/>\n<meta property=\"og:title\" content=\"Constru\u00e7\u00e3o Civil Sustent\u00e1vel: O Papel da Loca\u00e7\u00e3o de M\u00e1quinas - Rentamac\" \/>\n<meta property=\"og:description\" content=\"A constru\u00e7\u00e3o civil \u00e9 uma das ind\u00fastrias que mais impactam o meio ambiente, devido ao consumo intensivo de recursos naturais e \u00e0 gera\u00e7\u00e3o de res\u00edduos. No entanto, nos \u00faltimos anos, tem havido um movimento crescente em dire\u00e7\u00e3o \u00e0 constru\u00e7\u00e3o civil sustent\u00e1vel, que visa reduzir esse impacto negativo. Uma das estrat\u00e9gias-chave nesse cen\u00e1rio \u00e9 a loca\u00e7\u00e3o [&hellip;]\" \/>\n<meta property=\"og:url\" content=\"https:\/\/rentamac.com.br\/index.php\/2023\/09\/21\/construcao-civil-sustentavel-o-papel-da-locacao-de-maquinas\/\" \/>\n<meta property=\"og:site_name\" content=\"Rentamac\" \/>\n<meta property=\"article:publisher\" content=\"https:\/\/www.facebook.com\/rentamaclocacao\/?locale=pt_BR\" \/>\n<meta property=\"article:published_time\" content=\"2023-09-21T21:01:56+00:00\" \/>\n<meta name=\"author\" content=\"admin\" \/>\n<meta name=\"twitter:card\" content=\"summary_large_image\" \/>\n<meta name=\"twitter:label1\" content=\"Escrito por\" \/>\n\t<meta name=\"twitter:data1\" content=\"admin\" \/>\n\t<meta name=\"twitter:label2\" content=\"Est. tempo de leitura\" \/>\n\t<meta name=\"twitter:data2\" content=\"3 minutos\" \/>\n<script type=\"application\/ld+json\" class=\"yoast-schema-graph\">{\"@context\":\"https:\/\/schema.org\",\"@graph\":[{\"@type\":\"Article\",\"@id\":\"https:\/\/rentamac.com.br\/index.php\/2023\/09\/21\/construcao-civil-sustentavel-o-papel-da-locacao-de-maquinas\/#article\",\"isPartOf\":{\"@id\":\"https:\/\/rentamac.com.br\/index.php\/2023\/09\/21\/construcao-civil-sustentavel-o-papel-da-locacao-de-maquinas\/\"},\"author\":{\"name\":\"admin\",\"@id\":\"https:\/\/rentamac.com.br\/#\/schema\/person\/d56951e7a39fb8734551a6568e42fb15\"},\"headline\":\"Constru\u00e7\u00e3o Civil Sustent\u00e1vel: O Papel da Loca\u00e7\u00e3o de M\u00e1quinas\",\"datePublished\":\"2023-09-21T21:01:56+00:00\",\"mainEntityOfPage\":{\"@id\":\"https:\/\/rentamac.com.br\/index.php\/2023\/09\/21\/construcao-civil-sustentavel-o-papel-da-locacao-de-maquinas\/\"},\"wordCount\":533,\"commentCount\":0,\"publisher\":{\"@id\":\"https:\/\/rentamac.com.br\/#organization\"},\"articleSection\":[\"Blog\"],\"inLanguage\":\"pt-BR\",\"potentialAction\":[{\"@type\":\"CommentAction\",\"name\":\"Comment\",\"target\":[\"https:\/\/rentamac.com.br\/index.php\/2023\/09\/21\/construcao-civil-sustentavel-o-papel-da-locacao-de-maquinas\/#respond\"]}]},{\"@type\":\"WebPage\",\"@id\":\"https:\/\/rentamac.com.br\/index.php\/2023\/09\/21\/construcao-civil-sustentavel-o-papel-da-locacao-de-maquinas\/\",\"url\":\"https:\/\/rentamac.com.br\/index.php\/2023\/09\/21\/construcao-civil-sustentavel-o-papel-da-locacao-de-maquinas\/\",\"name\":\"Constru\u00e7\u00e3o Civil Sustent\u00e1vel: O Papel da Loca\u00e7\u00e3o de M\u00e1quinas - Rentamac\",\"isPartOf\":{\"@id\":\"https:\/\/rentamac.com.br\/#website\"},\"datePublished\":\"2023-09-21T21:01:56+00:00\",\"breadcrumb\":{\"@id\":\"https:\/\/rentamac.com.br\/index.php\/2023\/09\/21\/construcao-civil-sustentavel-o-papel-da-locacao-de-maquinas\/#breadcrumb\"},\"inLanguage\":\"pt-BR\",\"potentialAction\":[{\"@type\":\"ReadAction\",\"target\":[\"https:\/\/rentamac.com.br\/index.php\/2023\/09\/21\/construcao-civil-sustentavel-o-papel-da-locacao-de-maquinas\/\"]}]},{\"@type\":\"BreadcrumbList\",\"@id\":\"https:\/\/rentamac.com.br\/index.php\/2023\/09\/21\/construcao-civil-sustentavel-o-papel-da-locacao-de-maquinas\/#breadcrumb\",\"itemListElement\":[{\"@type\":\"ListItem\",\"position\":1,\"name\":\"In\u00edcio\",\"item\":\"https:\/\/rentamac.com.br\/\"},{\"@type\":\"ListItem\",\"position\":2,\"name\":\"Constru\u00e7\u00e3o Civil Sustent\u00e1vel: O Papel da Loca\u00e7\u00e3o de M\u00e1quinas\"}]},{\"@type\":\"WebSite\",\"@id\":\"https:\/\/rentamac.com.br\/#website\",\"url\":\"https:\/\/rentamac.com.br\/\",\"name\":\"Rentamac \u2013 Servi\u00e7os e Loca\u00e7\u00e3o de Equipamentos\",\"description\":\"Servi\u00e7os e Loca\u00e7\u00e3o de Equipamentos | Penha - SC\",\"publisher\":{\"@id\":\"https:\/\/rentamac.com.br\/#organization\"},\"potentialAction\":[{\"@type\":\"SearchAction\",\"target\":{\"@type\":\"EntryPoint\",\"urlTemplate\":\"https:\/\/rentamac.com.br\/?s={search_term_string}\"},\"query-input\":{\"@type\":\"PropertyValueSpecification\",\"valueRequired\":true,\"valueName\":\"search_term_string\"}}],\"inLanguage\":\"pt-BR\"},{\"@type\":\"Organization\",\"@id\":\"https:\/\/rentamac.com.br\/#organization\",\"name\":\"Rentamac \u2013 Servi\u00e7os e Loca\u00e7\u00e3o de Equipamentos\",\"url\":\"https:\/\/rentamac.com.br\/\",\"logo\":{\"@type\":\"ImageObject\",\"inLanguage\":\"pt-BR\",\"@id\":\"https:\/\/rentamac.com.br\/#\/schema\/logo\/image\/\",\"url\":\"https:\/\/rentamac.com.br\/wp-content\/uploads\/2023\/09\/company_logo_GD.png\",\"contentUrl\":\"https:\/\/rentamac.com.br\/wp-content\/uploads\/2023\/09\/company_logo_GD.png\",\"width\":1833,\"height\":432,\"caption\":\"Rentamac \u2013 Servi\u00e7os e Loca\u00e7\u00e3o de Equipamentos\"},\"image\":{\"@id\":\"https:\/\/rentamac.com.br\/#\/schema\/logo\/image\/\"},\"sameAs\":[\"https:\/\/www.facebook.com\/rentamaclocacao\/?locale=pt_BR\"]},{\"@type\":\"Person\",\"@id\":\"https:\/\/rentamac.com.br\/#\/schema\/person\/d56951e7a39fb8734551a6568e42fb15\",\"name\":\"admin\",\"image\":{\"@type\":\"ImageObject\",\"inLanguage\":\"pt-BR\",\"@id\":\"https:\/\/rentamac.com.br\/#\/schema\/person\/image\/\",\"url\":\"https:\/\/secure.gravatar.com\/avatar\/33fa92bde352a0f09ae0ef88d80198f49b721ce2393f3e7d432527c93f201a34?s=96&d=mm&r=g\",\"contentUrl\":\"https:\/\/secure.gravatar.com\/avatar\/33fa92bde352a0f09ae0ef88d80198f49b721ce2393f3e7d432527c93f201a34?s=96&d=mm&r=g\",\"caption\":\"admin\"},\"sameAs\":[\"https:\/\/rentamac.com.br\"],\"url\":\"https:\/\/rentamac.com.br\/index.php\/author\/admin\/\"}]}<\/script>\n<!-- \/ Yoast SEO plugin. -->","yoast_head_json":{"title":"Constru\u00e7\u00e3o Civil Sustent\u00e1vel: O Papel da Loca\u00e7\u00e3o de M\u00e1quinas - Rentamac","robots":{"index":"index","follow":"follow","max-snippet":"max-snippet:-1","max-image-preview":"max-image-preview:large","max-video-preview":"max-video-preview:-1"},"canonical":"https:\/\/rentamac.com.br\/index.php\/2023\/09\/21\/construcao-civil-sustentavel-o-papel-da-locacao-de-maquinas\/","og_locale":"pt_BR","og_type":"article","og_title":"Constru\u00e7\u00e3o Civil Sustent\u00e1vel: O Papel da Loca\u00e7\u00e3o de M\u00e1quinas - Rentamac","og_description":"A constru\u00e7\u00e3o civil \u00e9 uma das ind\u00fastrias que mais impactam o meio ambiente, devido ao consumo intensivo de recursos naturais e \u00e0 gera\u00e7\u00e3o de res\u00edduos. No entanto, nos \u00faltimos anos, tem havido um movimento crescente em dire\u00e7\u00e3o \u00e0 constru\u00e7\u00e3o civil sustent\u00e1vel, que visa reduzir esse impacto negativo. Uma das estrat\u00e9gias-chave nesse cen\u00e1rio \u00e9 a loca\u00e7\u00e3o [&hellip;]","og_url":"https:\/\/rentamac.com.br\/index.php\/2023\/09\/21\/construcao-civil-sustentavel-o-papel-da-locacao-de-maquinas\/","og_site_name":"Rentamac","article_publisher":"https:\/\/www.facebook.com\/rentamaclocacao\/?locale=pt_BR","article_published_time":"2023-09-21T21:01:56+00:00","author":"admin","twitter_card":"summary_large_image","twitter_misc":{"Escrito por":"admin","Est. tempo de leitura":"3 minutos"},"schema":{"@context":"https:\/\/schema.org","@graph":[{"@type":"Article","@id":"https:\/\/rentamac.com.br\/index.php\/2023\/09\/21\/construcao-civil-sustentavel-o-papel-da-locacao-de-maquinas\/#article","isPartOf":{"@id":"https:\/\/rentamac.com.br\/index.php\/2023\/09\/21\/construcao-civil-sustentavel-o-papel-da-locacao-de-maquinas\/"},"author":{"name":"admin","@id":"https:\/\/rentamac.com.br\/#\/schema\/person\/d56951e7a39fb8734551a6568e42fb15"},"headline":"Constru\u00e7\u00e3o Civil Sustent\u00e1vel: O Papel da Loca\u00e7\u00e3o de M\u00e1quinas","datePublished":"2023-09-21T21:01:56+00:00","mainEntityOfPage":{"@id":"https:\/\/rentamac.com.br\/index.php\/2023\/09\/21\/construcao-civil-sustentavel-o-papel-da-locacao-de-maquinas\/"},"wordCount":533,"commentCount":0,"publisher":{"@id":"https:\/\/rentamac.com.br\/#organization"},"articleSection":["Blog"],"inLanguage":"pt-BR","potentialAction":[{"@type":"CommentAction","name":"Comment","target":["https:\/\/rentamac.com.br\/index.php\/2023\/09\/21\/construcao-civil-sustentavel-o-papel-da-locacao-de-maquinas\/#respond"]}]},{"@type":"WebPage","@id":"https:\/\/rentamac.com.br\/index.php\/2023\/09\/21\/construcao-civil-sustentavel-o-papel-da-locacao-de-maquinas\/","url":"https:\/\/rentamac.com.br\/index.php\/2023\/09\/21\/construcao-civil-sustentavel-o-papel-da-locacao-de-maquinas\/","name":"Constru\u00e7\u00e3o Civil Sustent\u00e1vel: O Papel da Loca\u00e7\u00e3o de M\u00e1quinas - Rentamac","isPartOf":{"@id":"https:\/\/rentamac.com.br\/#website"},"datePublished":"2023-09-21T21:01:56+00:00","breadcrumb":{"@id":"https:\/\/rentamac.com.br\/index.php\/2023\/09\/21\/construcao-civil-sustentavel-o-papel-da-locacao-de-maquinas\/#breadcrumb"},"inLanguage":"pt-BR","potentialAction":[{"@type":"ReadAction","target":["https:\/\/rentamac.com.br\/index.php\/2023\/09\/21\/construcao-civil-sustentavel-o-papel-da-locacao-de-maquinas\/"]}]},{"@type":"BreadcrumbList","@id":"https:\/\/rentamac.com.br\/index.php\/2023\/09\/21\/construcao-civil-sustentavel-o-papel-da-locacao-de-maquinas\/#breadcrumb","itemListElement":[{"@type":"ListItem","position":1,"name":"In\u00edcio","item":"https:\/\/rentamac.com.br\/"},{"@type":"ListItem","position":2,"name":"Constru\u00e7\u00e3o Civil Sustent\u00e1vel: O Papel da Loca\u00e7\u00e3o de M\u00e1quinas"}]},{"@type":"WebSite","@id":"https:\/\/rentamac.com.br\/#website","url":"https:\/\/rentamac.com.br\/","name":"Rentamac \u2013 Servi\u00e7os e Loca\u00e7\u00e3o de Equipamentos","description":"Servi\u00e7os e Loca\u00e7\u00e3o de Equipamentos | Penha - SC","publisher":{"@id":"https:\/\/rentamac.com.br\/#organization"},"potentialAction":[{"@type":"SearchAction","target":{"@type":"EntryPoint","urlTemplate":"https:\/\/rentamac.com.br\/?s={search_term_string}"},"query-input":{"@type":"PropertyValueSpecification","valueRequired":true,"valueName":"search_term_string"}}],"inLanguage":"pt-BR"},{"@type":"Organization","@id":"https:\/\/rentamac.com.br\/#organization","name":"Rentamac \u2013 Servi\u00e7os e Loca\u00e7\u00e3o de Equipamentos","url":"https:\/\/rentamac.com.br\/","logo":{"@type":"ImageObject","inLanguage":"pt-BR","@id":"https:\/\/rentamac.com.br\/#\/schema\/logo\/image\/","url":"https:\/\/rentamac.com.br\/wp-content\/uploads\/2023\/09\/company_logo_GD.png","contentUrl":"https:\/\/rentamac.com.br\/wp-content\/uploads\/2023\/09\/company_logo_GD.png","width":1833,"height":432,"caption":"Rentamac \u2013 Servi\u00e7os e Loca\u00e7\u00e3o de Equipamentos"},"image":{"@id":"https:\/\/rentamac.com.br\/#\/schema\/logo\/image\/"},"sameAs":["https:\/\/www.facebook.com\/rentamaclocacao\/?locale=pt_BR"]},{"@type":"Person","@id":"https:\/\/rentamac.com.br\/#\/schema\/person\/d56951e7a39fb8734551a6568e42fb15","name":"admin","image":{"@type":"ImageObject","inLanguage":"pt-BR","@id":"https:\/\/rentamac.com.br\/#\/schema\/person\/image\/","url":"https:\/\/secure.gravatar.com\/avatar\/33fa92bde352a0f09ae0ef88d80198f49b721ce2393f3e7d432527c93f201a34?s=96&d=mm&r=g","contentUrl":"https:\/\/secure.gravatar.com\/avatar\/33fa92bde352a0f09ae0ef88d80198f49b721ce2393f3e7d432527c93f201a34?s=96&d=mm&r=g","caption":"admin"},"sameAs":["https:\/\/rentamac.com.br"],"url":"https:\/\/rentamac.com.br\/index.php\/author\/admin\/"}]}},"_links":{"self":[{"href":"https:\/\/rentamac.com.br\/index.php\/wp-json\/wp\/v2\/posts\/164","targetHints":{"allow":["GET"]}}],"collection":[{"href":"https:\/\/rentamac.com.br\/index.php\/wp-json\/wp\/v2\/posts"}],"about":[{"href":"https:\/\/rentamac.com.br\/index.php\/wp-json\/wp\/v2\/types\/post"}],"author":[{"embeddable":true,"href":"https:\/\/rentamac.com.br\/index.php\/wp-json\/wp\/v2\/users\/1"}],"replies":[{"embeddable":true,"href":"https:\/\/rentamac.com.br\/index.php\/wp-json\/wp\/v2\/comments?post=164"}],"version-history":[{"count":1,"href":"https:\/\/rentamac.com.br\/index.php\/wp-json\/wp\/v2\/posts\/164\/revisions"}],"predecessor-version":[{"id":165,"href":"https:\/\/rentamac.com.br\/index.php\/wp-json\/wp\/v2\/posts\/164\/revisions\/165"}],"wp:attachment":[{"href":"https:\/\/rentamac.com.br\/index.php\/wp-json\/wp\/v2\/media?parent=164"}],"wp:term":[{"taxonomy":"category","embeddable":true,"href":"https:\/\/rentamac.com.br\/index.php\/wp-json\/wp\/v2\/categories?post=164"},{"taxonomy":"post_tag","embeddable":true,"href":"https:\/\/rentamac.com.br\/index.php\/wp-json\/wp\/v2\/tags?post=164"}],"curies":[{"name":"wp","href":"https:\/\/api.w.org\/{rel}","templated":true}]}}