{"id":9503,"date":"2025-11-06T05:49:44","date_gmt":"2025-11-06T08:49:44","guid":{"rendered":"https:\/\/rentamac.com.br\/?p=9503"},"modified":"2025-11-06T07:30:16","modified_gmt":"2025-11-06T10:30:16","slug":"123","status":"publish","type":"post","link":"https:\/\/rentamac.com.br\/index.php\/2025\/11\/06\/123\/","title":{"rendered":"123"},"content":{"rendered":"<p>hello <\/p>\n<p>hello hello hello hello hello hello hello hello hello hello hello hello hello hello hello hello hello hello <\/p>\n<p>hello hello hello hello hello hello hello hello hello hello hello hello hello hello hello hello hello hello<\/p>\n","protected":false},"excerpt":{"rendered":"<p>hello hello hello hello hello hello hello hello hello hello hello hello hello hello hello hello hello hello hello hello hello hello hello hello hello hello hello hello hello hello hello hello hello hello hello hello hello<\/p>\n","protected":false},"author":2,"featured_media":0,"comment_status":"open","ping_status":"open","sticky":false,"template":"","format":"standard","meta":{"_joinchat":[],"footnotes":""},"categories":[72],"tags":[],"class_list":["post-9503","post","type-post","status-publish","format-standard","hentry","category-bez-rubriki"],"yoast_head":"<!-- This site is optimized with the Yoast SEO plugin v27.1.1 - https:\/\/yoast.com\/product\/yoast-seo-wordpress\/ -->\n<title>123 - Rentamac<\/title>\n<meta name=\"robots\" content=\"index, follow, max-snippet:-1, max-image-preview:large, max-video-preview:-1\" \/>\n<link rel=\"canonical\" href=\"https:\/\/rentamac.com.br\/index.php\/2025\/11\/06\/123\/\" \/>\n<meta property=\"og:locale\" content=\"pt_BR\" \/>\n<meta property=\"og:type\" content=\"article\" \/>\n<meta property=\"og:title\" content=\"123 - Rentamac\" \/>\n<meta property=\"og:description\" content=\"hello hello hello hello hello hello hello hello hello hello hello hello hello hello hello hello hello hello hello hello hello hello hello hello hello hello hello hello hello hello hello hello hello hello hello hello hello\" \/>\n<meta property=\"og:url\" content=\"https:\/\/rentamac.com.br\/index.php\/2025\/11\/06\/123\/\" \/>\n<meta property=\"og:site_name\" content=\"Rentamac\" \/>\n<meta property=\"article:publisher\" content=\"https:\/\/www.facebook.com\/rentamaclocacao\/?locale=pt_BR\" \/>\n<meta property=\"article:published_time\" content=\"2025-11-06T08:49:44+00:00\" \/>\n<meta property=\"article:modified_time\" content=\"2025-11-06T10:30:16+00:00\" \/>\n<meta name=\"author\" content=\"rentamac\" \/>\n<meta name=\"twitter:card\" content=\"summary_large_image\" \/>\n<meta name=\"twitter:label1\" content=\"Escrito por\" \/>\n\t<meta name=\"twitter:data1\" content=\"rentamac\" \/>\n<script type=\"application\/ld+json\" class=\"yoast-schema-graph\">{\"@context\":\"https:\/\/schema.org\",\"@graph\":[{\"@type\":\"Article\",\"@id\":\"https:\/\/rentamac.com.br\/index.php\/2025\/11\/06\/123\/#article\",\"isPartOf\":{\"@id\":\"https:\/\/rentamac.com.br\/index.php\/2025\/11\/06\/123\/\"},\"author\":{\"name\":\"rentamac\",\"@id\":\"https:\/\/rentamac.com.br\/#\/schema\/person\/d818f23026fe3c41801f01470ca900b4\"},\"headline\":\"123\",\"datePublished\":\"2025-11-06T08:49:44+00:00\",\"dateModified\":\"2025-11-06T10:30:16+00:00\",\"mainEntityOfPage\":{\"@id\":\"https:\/\/rentamac.com.br\/index.php\/2025\/11\/06\/123\/\"},\"wordCount\":37,\"commentCount\":0,\"publisher\":{\"@id\":\"https:\/\/rentamac.com.br\/#organization\"},\"articleSection\":[\"! \u0411\u0435\u0437 \u0440\u0443\u0431\u0440\u0438\u043a\u0438\"],\"inLanguage\":\"pt-BR\",\"potentialAction\":[{\"@type\":\"CommentAction\",\"name\":\"Comment\",\"target\":[\"https:\/\/rentamac.com.br\/index.php\/2025\/11\/06\/123\/#respond\"]}]},{\"@type\":\"WebPage\",\"@id\":\"https:\/\/rentamac.com.br\/index.php\/2025\/11\/06\/123\/\",\"url\":\"https:\/\/rentamac.com.br\/index.php\/2025\/11\/06\/123\/\",\"name\":\"123 - Rentamac\",\"isPartOf\":{\"@id\":\"https:\/\/rentamac.com.br\/#website\"},\"datePublished\":\"2025-11-06T08:49:44+00:00\",\"dateModified\":\"2025-11-06T10:30:16+00:00\",\"breadcrumb\":{\"@id\":\"https:\/\/rentamac.com.br\/index.php\/2025\/11\/06\/123\/#breadcrumb\"},\"inLanguage\":\"pt-BR\",\"potentialAction\":[{\"@type\":\"ReadAction\",\"target\":[\"https:\/\/rentamac.com.br\/index.php\/2025\/11\/06\/123\/\"]}]},{\"@type\":\"BreadcrumbList\",\"@id\":\"https:\/\/rentamac.com.br\/index.php\/2025\/11\/06\/123\/#breadcrumb\",\"itemListElement\":[{\"@type\":\"ListItem\",\"position\":1,\"name\":\"In\u00edcio\",\"item\":\"https:\/\/rentamac.com.br\/\"},{\"@type\":\"ListItem\",\"position\":2,\"name\":\"123\"}]},{\"@type\":\"WebSite\",\"@id\":\"https:\/\/rentamac.com.br\/#website\",\"url\":\"https:\/\/rentamac.com.br\/\",\"name\":\"Rentamac \u2013 Servi\u00e7os e Loca\u00e7\u00e3o de Equipamentos\",\"description\":\"Servi\u00e7os e Loca\u00e7\u00e3o de Equipamentos | Penha - SC\",\"publisher\":{\"@id\":\"https:\/\/rentamac.com.br\/#organization\"},\"potentialAction\":[{\"@type\":\"SearchAction\",\"target\":{\"@type\":\"EntryPoint\",\"urlTemplate\":\"https:\/\/rentamac.com.br\/?s={search_term_string}\"},\"query-input\":{\"@type\":\"PropertyValueSpecification\",\"valueRequired\":true,\"valueName\":\"search_term_string\"}}],\"inLanguage\":\"pt-BR\"},{\"@type\":\"Organization\",\"@id\":\"https:\/\/rentamac.com.br\/#organization\",\"name\":\"Rentamac \u2013 Servi\u00e7os e Loca\u00e7\u00e3o de Equipamentos\",\"url\":\"https:\/\/rentamac.com.br\/\",\"logo\":{\"@type\":\"ImageObject\",\"inLanguage\":\"pt-BR\",\"@id\":\"https:\/\/rentamac.com.br\/#\/schema\/logo\/image\/\",\"url\":\"https:\/\/rentamac.com.br\/wp-content\/uploads\/2023\/09\/company_logo_GD.png\",\"contentUrl\":\"https:\/\/rentamac.com.br\/wp-content\/uploads\/2023\/09\/company_logo_GD.png\",\"width\":1833,\"height\":432,\"caption\":\"Rentamac \u2013 Servi\u00e7os e Loca\u00e7\u00e3o de Equipamentos\"},\"image\":{\"@id\":\"https:\/\/rentamac.com.br\/#\/schema\/logo\/image\/\"},\"sameAs\":[\"https:\/\/www.facebook.com\/rentamaclocacao\/?locale=pt_BR\"]},{\"@type\":\"Person\",\"@id\":\"https:\/\/rentamac.com.br\/#\/schema\/person\/d818f23026fe3c41801f01470ca900b4\",\"name\":\"rentamac\",\"image\":{\"@type\":\"ImageObject\",\"inLanguage\":\"pt-BR\",\"@id\":\"https:\/\/rentamac.com.br\/#\/schema\/person\/image\/\",\"url\":\"https:\/\/secure.gravatar.com\/avatar\/f763bbb1ff728c86782fce78b0abf6640c7ca29589731ef533c1c37caf9fdb1b?s=96&d=mm&r=g\",\"contentUrl\":\"https:\/\/secure.gravatar.com\/avatar\/f763bbb1ff728c86782fce78b0abf6640c7ca29589731ef533c1c37caf9fdb1b?s=96&d=mm&r=g\",\"caption\":\"rentamac\"},\"url\":\"https:\/\/rentamac.com.br\/index.php\/author\/rentamac\/\"}]}<\/script>\n<!-- \/ Yoast SEO plugin. -->","yoast_head_json":{"title":"123 - Rentamac","robots":{"index":"index","follow":"follow","max-snippet":"max-snippet:-1","max-image-preview":"max-image-preview:large","max-video-preview":"max-video-preview:-1"},"canonical":"https:\/\/rentamac.com.br\/index.php\/2025\/11\/06\/123\/","og_locale":"pt_BR","og_type":"article","og_title":"123 - Rentamac","og_description":"hello hello hello hello hello hello hello hello hello hello hello hello hello hello hello hello hello hello hello hello hello hello hello hello hello hello hello hello hello hello hello hello hello hello hello hello hello","og_url":"https:\/\/rentamac.com.br\/index.php\/2025\/11\/06\/123\/","og_site_name":"Rentamac","article_publisher":"https:\/\/www.facebook.com\/rentamaclocacao\/?locale=pt_BR","article_published_time":"2025-11-06T08:49:44+00:00","article_modified_time":"2025-11-06T10:30:16+00:00","author":"rentamac","twitter_card":"summary_large_image","twitter_misc":{"Escrito por":"rentamac"},"schema":{"@context":"https:\/\/schema.org","@graph":[{"@type":"Article","@id":"https:\/\/rentamac.com.br\/index.php\/2025\/11\/06\/123\/#article","isPartOf":{"@id":"https:\/\/rentamac.com.br\/index.php\/2025\/11\/06\/123\/"},"author":{"name":"rentamac","@id":"https:\/\/rentamac.com.br\/#\/schema\/person\/d818f23026fe3c41801f01470ca900b4"},"headline":"123","datePublished":"2025-11-06T08:49:44+00:00","dateModified":"2025-11-06T10:30:16+00:00","mainEntityOfPage":{"@id":"https:\/\/rentamac.com.br\/index.php\/2025\/11\/06\/123\/"},"wordCount":37,"commentCount":0,"publisher":{"@id":"https:\/\/rentamac.com.br\/#organization"},"articleSection":["! \u0411\u0435\u0437 \u0440\u0443\u0431\u0440\u0438\u043a\u0438"],"inLanguage":"pt-BR","potentialAction":[{"@type":"CommentAction","name":"Comment","target":["https:\/\/rentamac.com.br\/index.php\/2025\/11\/06\/123\/#respond"]}]},{"@type":"WebPage","@id":"https:\/\/rentamac.com.br\/index.php\/2025\/11\/06\/123\/","url":"https:\/\/rentamac.com.br\/index.php\/2025\/11\/06\/123\/","name":"123 - Rentamac","isPartOf":{"@id":"https:\/\/rentamac.com.br\/#website"},"datePublished":"2025-11-06T08:49:44+00:00","dateModified":"2025-11-06T10:30:16+00:00","breadcrumb":{"@id":"https:\/\/rentamac.com.br\/index.php\/2025\/11\/06\/123\/#breadcrumb"},"inLanguage":"pt-BR","potentialAction":[{"@type":"ReadAction","target":["https:\/\/rentamac.com.br\/index.php\/2025\/11\/06\/123\/"]}]},{"@type":"BreadcrumbList","@id":"https:\/\/rentamac.com.br\/index.php\/2025\/11\/06\/123\/#breadcrumb","itemListElement":[{"@type":"ListItem","position":1,"name":"In\u00edcio","item":"https:\/\/rentamac.com.br\/"},{"@type":"ListItem","position":2,"name":"123"}]},{"@type":"WebSite","@id":"https:\/\/rentamac.com.br\/#website","url":"https:\/\/rentamac.com.br\/","name":"Rentamac \u2013 Servi\u00e7os e Loca\u00e7\u00e3o de Equipamentos","description":"Servi\u00e7os e Loca\u00e7\u00e3o de Equipamentos | Penha - SC","publisher":{"@id":"https:\/\/rentamac.com.br\/#organization"},"potentialAction":[{"@type":"SearchAction","target":{"@type":"EntryPoint","urlTemplate":"https:\/\/rentamac.com.br\/?s={search_term_string}"},"query-input":{"@type":"PropertyValueSpecification","valueRequired":true,"valueName":"search_term_string"}}],"inLanguage":"pt-BR"},{"@type":"Organization","@id":"https:\/\/rentamac.com.br\/#organization","name":"Rentamac \u2013 Servi\u00e7os e Loca\u00e7\u00e3o de Equipamentos","url":"https:\/\/rentamac.com.br\/","logo":{"@type":"ImageObject","inLanguage":"pt-BR","@id":"https:\/\/rentamac.com.br\/#\/schema\/logo\/image\/","url":"https:\/\/rentamac.com.br\/wp-content\/uploads\/2023\/09\/company_logo_GD.png","contentUrl":"https:\/\/rentamac.com.br\/wp-content\/uploads\/2023\/09\/company_logo_GD.png","width":1833,"height":432,"caption":"Rentamac \u2013 Servi\u00e7os e Loca\u00e7\u00e3o de Equipamentos"},"image":{"@id":"https:\/\/rentamac.com.br\/#\/schema\/logo\/image\/"},"sameAs":["https:\/\/www.facebook.com\/rentamaclocacao\/?locale=pt_BR"]},{"@type":"Person","@id":"https:\/\/rentamac.com.br\/#\/schema\/person\/d818f23026fe3c41801f01470ca900b4","name":"rentamac","image":{"@type":"ImageObject","inLanguage":"pt-BR","@id":"https:\/\/rentamac.com.br\/#\/schema\/person\/image\/","url":"https:\/\/secure.gravatar.com\/avatar\/f763bbb1ff728c86782fce78b0abf6640c7ca29589731ef533c1c37caf9fdb1b?s=96&d=mm&r=g","contentUrl":"https:\/\/secure.gravatar.com\/avatar\/f763bbb1ff728c86782fce78b0abf6640c7ca29589731ef533c1c37caf9fdb1b?s=96&d=mm&r=g","caption":"rentamac"},"url":"https:\/\/rentamac.com.br\/index.php\/author\/rentamac\/"}]}},"_links":{"self":[{"href":"https:\/\/rentamac.com.br\/index.php\/wp-json\/wp\/v2\/posts\/9503","targetHints":{"allow":["GET"]}}],"collection":[{"href":"https:\/\/rentamac.com.br\/index.php\/wp-json\/wp\/v2\/posts"}],"about":[{"href":"https:\/\/rentamac.com.br\/index.php\/wp-json\/wp\/v2\/types\/post"}],"author":[{"embeddable":true,"href":"https:\/\/rentamac.com.br\/index.php\/wp-json\/wp\/v2\/users\/2"}],"replies":[{"embeddable":true,"href":"https:\/\/rentamac.com.br\/index.php\/wp-json\/wp\/v2\/comments?post=9503"}],"version-history":[{"count":1,"href":"https:\/\/rentamac.com.br\/index.php\/wp-json\/wp\/v2\/posts\/9503\/revisions"}],"predecessor-version":[{"id":9504,"href":"https:\/\/rentamac.com.br\/index.php\/wp-json\/wp\/v2\/posts\/9503\/revisions\/9504"}],"wp:attachment":[{"href":"https:\/\/rentamac.com.br\/index.php\/wp-json\/wp\/v2\/media?parent=9503"}],"wp:term":[{"taxonomy":"category","embeddable":true,"href":"https:\/\/rentamac.com.br\/index.php\/wp-json\/wp\/v2\/categories?post=9503"},{"taxonomy":"post_tag","embeddable":true,"href":"https:\/\/rentamac.com.br\/index.php\/wp-json\/wp\/v2\/tags?post=9503"}],"curies":[{"name":"wp","href":"https:\/\/api.w.org\/{rel}","templated":true}]}}